{"id":53517,"date":"2024-09-04T09:49:13","date_gmt":"2024-09-04T09:49:13","guid":{"rendered":"https:\/\/falconscreativegroup.com\/falcons-creative-group-nombra-a-matthew-m-martin-vicepresidente-de-diseno\/"},"modified":"2026-03-26T19:08:08","modified_gmt":"2026-03-26T19:08:08","slug":"falcons-creative-group-nombra-a-matthew-m-martin-vicepresidente-de-diseno","status":"publish","type":"post","link":"https:\/\/falconscreativegroup.com\/es\/falcons-creative-group-nombra-a-matthew-m-martin-vicepresidente-de-diseno\/","title":{"rendered":"Falcon\u2019s Creative Group nombra a Matthew M. Martin Vicepresidente de Dise\u00f1o"},"content":{"rendered":"\t\t<div data-elementor-type=\"wp-post\" data-elementor-id=\"53517\" class=\"elementor elementor-53517 elementor-36521\" data-elementor-post-type=\"post\">\n\t\t\t\t<div class=\"elementor-element elementor-element-f74e5ab e-flex e-con-boxed e-con e-parent\" data-id=\"f74e5ab\" data-element_type=\"container\" data-e-type=\"container\">\n\t\t\t\t\t<div class=\"e-con-inner\">\n\t\t\t\t<div class=\"elementor-element elementor-element-cdc6165 elementor-widget elementor-widget-text-editor\" data-id=\"cdc6165\" data-element_type=\"widget\" data-e-type=\"widget\" data-widget_type=\"text-editor.default\">\n\t\t\t\t\t\t\t\t\t<div class=\"column mcb-column mcb-item-xm1sqivee one-second laptop-one-second tablet-one-second mobile-one column_column vb-item\"><div class=\"mcb-column-inner mfn-module-wrapper mcb-column-inner-xm1sqivee mcb-item-column-inner\"><div class=\"column_attr mfn-inline-editor clearfix\"><p><img fetchpriority=\"high\" decoding=\"async\" class=\" wp-image-45839 alignright\" src=\"https:\/\/falconscreativegroup.com\/wp-content\/uploads\/2025\/11\/MM-Headshot-WebSize.jpg\" alt=\"\" width=\"582\" height=\"375\" srcset=\"https:\/\/falconscreativegroup.com\/wp-content\/uploads\/2025\/11\/MM-Headshot-WebSize.jpg 853w, https:\/\/falconscreativegroup.com\/wp-content\/uploads\/2025\/11\/MM-Headshot-WebSize-300x193.jpg 300w, https:\/\/falconscreativegroup.com\/wp-content\/uploads\/2025\/11\/MM-Headshot-WebSize-768x495.jpg 768w\" sizes=\"(max-width: 582px) 100vw, 582px\" \/><\/p><p><strong>Orlando, FL (4 de septiembre de 2024)<\/strong> \u2014 Falcon\u2019s Creative Group, una divisi\u00f3n de <a href=\"https:\/\/falconsbeyondglobal.com\/\" target=\"_blank\" rel=\"noopener\">Falcon\u2019s Beyond Global, Inc.<\/a> (FBYD) (\u201cFalcon\u2019s\u201d o la \u201cCompa\u00f1\u00eda\u201d), l\u00edder visionario en narraci\u00f3n innovadora e inmersiva, se enorgullece de anunciar que Matthew M. Martin, un experimentado ejecutivo creativo de la industria de parques tem\u00e1ticos, se ha unido al equipo como Vicepresidente de Dise\u00f1o. En este puesto de nueva creaci\u00f3n dentro de la Compa\u00f1\u00eda, Matthew liderar\u00e1 un equipo de directores creativos mientras conceptualiza ideas e impulsa el proceso de desarrollo de dise\u00f1o que establece nuevos est\u00e1ndares para las experiencias tem\u00e1ticas inmersivas. <\/p><p>Con m\u00e1s de 30 a\u00f1os de experiencia global en la industria del entretenimiento tem\u00e1tico, Matthew ha liderado equipos creativos en todas las fases de dise\u00f1o y desarrollo de parques tem\u00e1ticos de clase mundial, atracciones y experiencias inmersivas tem\u00e1ticas. M\u00e1s recientemente, fue Director Creativo de Saudi Entertainment Ventures (SEVEN), una empresa PIF en el Reino de Arabia Saudita, donde supervis\u00f3 la visi\u00f3n, el desarrollo y las mejoras de marca de m\u00faltiples destinos de entretenimiento de miles de millones de d\u00f3lares en todo el Reino. Anteriormente, Matthew fue Productor Creativo y Director de Arte para Universal Creative. El trabajo de proyectos notables durante su mandato en Universal incluye el desarrollo clave de terrenos en el pr\u00f3ximo parque tem\u00e1tico Epic Universe, Hagrid\u2019s Magical Creatures Motorbike Adventure de Universal Islands of Adventure y la Jurassic World VelociCoaster.   <\/p><\/div><\/div><\/div><div class=\"column mcb-column mcb-item-8j6efhhkn one laptop-one tablet-one mobile-one column_column vb-item\"><div class=\"mcb-column-inner mfn-module-wrapper mcb-column-inner-8j6efhhkn mcb-item-column-inner\"><div class=\"column_attr mfn-inline-editor clearfix\"><p>\u201cDurante d\u00e9cadas, tanto como cliente como colega de dise\u00f1o, siempre consider\u00e9 a Falcon\u2019s Creative Group como el pin\u00e1culo de lo que la industria de parques tem\u00e1ticos tiene para ofrecer\u201d, dijo Matthew M. Martin. \u201cEs un verdadero honor fusionar mis a\u00f1os de experiencia en dise\u00f1o y mi historia global \u00fanica con su equipo con visi\u00f3n de futuro y sus proyectos innovadores para idear el siguiente nivel de asombro.\u201d  <\/p><p>La carrera de Matthew tambi\u00e9n incluye trabajos con Merlin Magic Making, donde fue el L\u00edder Creativo de los parques LEGOLAND y dise\u00f1\u00f3 y entreg\u00f3 numerosas atracciones y experiencias en toda su cartera global; y DesignWorks, donde fue Director Creativo y lider\u00f3 el trabajo en atracciones de parques tem\u00e1ticos, exhibiciones de museos y espacios tem\u00e1ticos para edificios de ministerios juveniles.<\/p><p>\u201cHe tenido el gran placer de trabajar con Matthew a lo largo de los a\u00f1os y admiro su capacidad genial para desarrollar y ejecutar proyectos complejos a gran escala que combinan a la perfecci\u00f3n tecnolog\u00eda de vanguardia con una narraci\u00f3n convincente para asombrar e inspirar a las audiencias, a sus colegas y a la industria de parques tem\u00e1ticos\u201d, dijo Cecil D. Magpuri, CEO de Falcon\u2019s Beyond. \u201cMatthew domina su oficio y aporta una profundidad sustancial de conocimiento e inteligencia emocional a su trabajo, y estoy encantado de que preste su visi\u00f3n a nuestro equipo.\u201d  <\/p><p>Matthew se une a Falcon\u2019s Creative Group en un momento de crecimiento sin precedentes para la Compa\u00f1\u00eda, que ha estado ampliando su plantilla para apoyar proyectos creativos en todo el mundo. Parte de este trabajo incluye el papel clave de Falcon\u2019s Creative Group en la creaci\u00f3n del <a href=\"https:\/\/qiddiya.com\/press-room\/worlds-only-dragon-ball-theme-park-launched-in-qiddiya-city\/\" target=\"_blank\" rel=\"noopener\">primer parque tem\u00e1tico de Dragon Ball del mundo<\/a> en <a href=\"https:\/\/qiddiya.com\/\" target=\"_blank\" rel=\"noopener\">Qiddiya City<\/a> (la primera ciudad del mundo construida para el juego cerca de Riad, Arabia Saudita) como planificador maestro, dise\u00f1ador de atracciones y guardi\u00e1n creativo del proyecto. Adem\u00e1s, dentro de Qiddiya City, Falcon\u2019s Creative Group supervisa la planificaci\u00f3n maestra y la tutela creativa del primer parque tem\u00e1tico acu\u00e1tico de Arabia Saudita, <a href=\"https:\/\/aquarabiaqiddiyacity.com\/\" target=\"_blank\" rel=\"noopener\">Aquarabia<\/a>, y apoya el dise\u00f1o de experiencias y el desarrollo tecnol\u00f3gico para el <a href=\"https:\/\/qiddiya.com\/press-room\/qiddiya-unveils-world-s-first-gaming-and-esports-districts\/\" target=\"_blank\" rel=\"noopener\">primer distrito de juegos y deportes electr\u00f3nicos del mundo<\/a>.  <\/p><p>Matthew tiene un MFA en Dise\u00f1o Esc\u00e9nico de la Universidad de Boston y una licenciatura en Arquitectura de la Universidad de Syracuse. Es propietario de The Pancake Kingdom LLC y es autor del libro <em>Every Dad Can Be The Pancake King<\/em>. <\/p><p>###<\/p><p><strong>Acerca de Falcon\u2019s Beyond<\/strong><\/p><p><strong>Falcon\u2019s Beyond<\/strong> es un innovador visionario en la narraci\u00f3n inmersiva, situado en la intersecci\u00f3n de tres oportunidades de negocio con alto potencial de crecimiento: contenido, tecnolog\u00eda y experiencias.<\/p><p>Falcon\u2019s Beyond impulsa las activaciones de propiedad intelectual (PI) simult\u00e1neamente a trav\u00e9s de experiencias f\u00edsicas y digitales mediante tres unidades de negocio principales:<\/p><ul><li><strong>Falcon\u2019s Creative Group<\/strong> crea planes maestros, dise\u00f1a atracciones y entretenimiento experiencial, y produce contenido, interactivos y software.<\/li><li><strong>Falcon\u2019s Beyond Destinations<\/strong> desarrolla una amplia gama de experiencias de entretenimiento utilizando tanto propiedad intelectual propia de Falcon\u2019s Beyond como licencias de terceros, abarcando entretenimiento basado en la ubicaci\u00f3n, restauraci\u00f3n y comercio minorista.<\/li><li><strong>Falcon\u2019s Beyond Brands<\/strong> se esfuerza por dar vida a marcas y propiedad intelectual a trav\u00e9s de la animaci\u00f3n, pel\u00edculas, licencias y merchandising, juegos, as\u00ed como ventas de atracciones y tecnolog\u00eda.<\/li><\/ul><p>Falcon\u2019s Beyond tambi\u00e9n inventa atracciones inmersivas, experiencias y tecnolog\u00edas para destinos de entretenimiento de todo el mundo.<\/p><p>FALCON\u2019S BEYOND y sus marcas relacionadas son propiedad de Falcon\u2019s Beyond.<\/p><p>Falcon\u2019s tiene su sede en Orlando, Florida. Obtenga m\u00e1s informaci\u00f3n en <a href=\"https:\/\/falconsbeyondglobal.com\/\">falconsbeyond.com<\/a>.<\/p><p><strong>Contacto:<\/strong><\/p><p>Relaciones con los medios:<\/p><p>Kathleen Prihoda, Falcon\u2019s Beyond<br><a href=\"mailto:kprihoda@falconsbeyond.com\">kprihoda@falconsbeyond.com<\/a><\/p><\/div><\/div><\/div>\t\t\t\t\t\t\t\t<\/div>\n\t\t\t\t\t<\/div>\n\t\t\t\t<\/div>\n\t\t\t\t<\/div>\n\t\t","protected":false},"excerpt":{"rendered":"<p>Falcon\u2019s se enorgullece de anunciar que Matthew M. Martin, un experimentado ejecutivo creativo de la industria de parques tem\u00e1ticos, se ha unido al equipo como Vicepresidente de Dise\u00f1o. <\/p>\n","protected":false},"author":2,"featured_media":53518,"comment_status":"closed","ping_status":"closed","sticky":false,"template":"","format":"standard","meta":{"_acf_changed":false,"footnotes":""},"categories":[103],"tags":[],"class_list":["post-53517","post","type-post","status-publish","format-standard","has-post-thumbnail","hentry","category-noticias"],"acf":[],"yoast_head":"<!-- This site is optimized with the Yoast SEO plugin v27.5 - https:\/\/yoast.com\/product\/yoast-seo-wordpress\/ -->\n<title>Falcon\u2019s Creative Group nombra a Matthew M. Martin Vicepresidente de Dise\u00f1o - Falcon&#039;s Creative Group<\/title>\n<meta name=\"description\" content=\"Falcon\u2019s se enorgullece de anunciar que Matthew M. Martin, un experimentado ejecutivo creativo de la industria de parques tem\u00e1ticos, se ha unido al equipo como Vicepresidente de Dise\u00f1o.\" \/>\n<meta name=\"robots\" content=\"index, follow, max-snippet:-1, max-image-preview:large, max-video-preview:-1\" \/>\n<link rel=\"canonical\" href=\"https:\/\/falconscreativegroup.com\/es\/falcons-creative-group-nombra-a-matthew-m-martin-vicepresidente-de-diseno\/\" \/>\n<meta property=\"og:locale\" content=\"es_ES\" \/>\n<meta property=\"og:type\" content=\"article\" \/>\n<meta property=\"og:title\" content=\"Falcon\u2019s Creative Group nombra a Matthew M. Martin Vicepresidente de Dise\u00f1o - Falcon&#039;s Creative Group\" \/>\n<meta property=\"og:description\" content=\"Falcon\u2019s se enorgullece de anunciar que Matthew M. Martin, un experimentado ejecutivo creativo de la industria de parques tem\u00e1ticos, se ha unido al equipo como Vicepresidente de Dise\u00f1o.\" \/>\n<meta property=\"og:url\" content=\"https:\/\/falconscreativegroup.com\/es\/falcons-creative-group-nombra-a-matthew-m-martin-vicepresidente-de-diseno\/\" \/>\n<meta property=\"og:site_name\" content=\"Falcon&#039;s Creative Group\" \/>\n<meta property=\"article:publisher\" content=\"https:\/\/www.facebook.com\/falconscreativegroup\/\" \/>\n<meta property=\"article:published_time\" content=\"2024-09-04T09:49:13+00:00\" \/>\n<meta property=\"article:modified_time\" content=\"2026-03-26T19:08:08+00:00\" \/>\n<meta property=\"og:image\" content=\"https:\/\/falconscreativegroup.com\/wp-content\/uploads\/2024\/09\/News-Featured-1200x600-1-1024x512.jpg\" \/>\n<meta name=\"author\" content=\"Alex Varela\" \/>\n<meta name=\"twitter:card\" content=\"summary_large_image\" \/>\n<meta name=\"twitter:creator\" content=\"@falconscg\" \/>\n<meta name=\"twitter:site\" content=\"@falconscg\" \/>\n<meta name=\"twitter:label1\" content=\"Escrito por\" \/>\n\t<meta name=\"twitter:data1\" content=\"Alex Varela\" \/>\n\t<meta name=\"twitter:label2\" content=\"Tiempo de lectura\" \/>\n\t<meta name=\"twitter:data2\" content=\"4 minutos\" \/>\n<script type=\"application\/ld+json\" class=\"yoast-schema-graph\">{\"@context\":\"https:\\\/\\\/schema.org\",\"@graph\":[{\"@type\":\"Article\",\"@id\":\"https:\\\/\\\/falconscreativegroup.com\\\/es\\\/falcons-creative-group-nombra-a-matthew-m-martin-vicepresidente-de-diseno\\\/#article\",\"isPartOf\":{\"@id\":\"https:\\\/\\\/falconscreativegroup.com\\\/es\\\/falcons-creative-group-nombra-a-matthew-m-martin-vicepresidente-de-diseno\\\/\"},\"author\":{\"name\":\"Alex Varela\",\"@id\":\"https:\\\/\\\/falconscreativegroup.com\\\/es\\\/#\\\/schema\\\/person\\\/e8a949036e4265e66ad3836c1069ff93\"},\"headline\":\"Falcon\u2019s Creative Group nombra a Matthew M. Martin Vicepresidente de Dise\u00f1o\",\"datePublished\":\"2024-09-04T09:49:13+00:00\",\"dateModified\":\"2026-03-26T19:08:08+00:00\",\"mainEntityOfPage\":{\"@id\":\"https:\\\/\\\/falconscreativegroup.com\\\/es\\\/falcons-creative-group-nombra-a-matthew-m-martin-vicepresidente-de-diseno\\\/\"},\"wordCount\":906,\"publisher\":{\"@id\":\"https:\\\/\\\/falconscreativegroup.com\\\/es\\\/#organization\"},\"image\":{\"@id\":\"https:\\\/\\\/falconscreativegroup.com\\\/es\\\/falcons-creative-group-nombra-a-matthew-m-martin-vicepresidente-de-diseno\\\/#primaryimage\"},\"thumbnailUrl\":\"https:\\\/\\\/falconscreativegroup.com\\\/wp-content\\\/uploads\\\/2024\\\/09\\\/News-Featured-1200x600-1.jpg\",\"articleSection\":[\"Noticias\"],\"inLanguage\":\"es\"},{\"@type\":\"WebPage\",\"@id\":\"https:\\\/\\\/falconscreativegroup.com\\\/es\\\/falcons-creative-group-nombra-a-matthew-m-martin-vicepresidente-de-diseno\\\/\",\"url\":\"https:\\\/\\\/falconscreativegroup.com\\\/es\\\/falcons-creative-group-nombra-a-matthew-m-martin-vicepresidente-de-diseno\\\/\",\"name\":\"Falcon\u2019s Creative Group nombra a Matthew M. Martin Vicepresidente de Dise\u00f1o - Falcon&#039;s Creative Group\",\"isPartOf\":{\"@id\":\"https:\\\/\\\/falconscreativegroup.com\\\/es\\\/#website\"},\"primaryImageOfPage\":{\"@id\":\"https:\\\/\\\/falconscreativegroup.com\\\/es\\\/falcons-creative-group-nombra-a-matthew-m-martin-vicepresidente-de-diseno\\\/#primaryimage\"},\"image\":{\"@id\":\"https:\\\/\\\/falconscreativegroup.com\\\/es\\\/falcons-creative-group-nombra-a-matthew-m-martin-vicepresidente-de-diseno\\\/#primaryimage\"},\"thumbnailUrl\":\"https:\\\/\\\/falconscreativegroup.com\\\/wp-content\\\/uploads\\\/2024\\\/09\\\/News-Featured-1200x600-1.jpg\",\"datePublished\":\"2024-09-04T09:49:13+00:00\",\"dateModified\":\"2026-03-26T19:08:08+00:00\",\"description\":\"Falcon\u2019s se enorgullece de anunciar que Matthew M. Martin, un experimentado ejecutivo creativo de la industria de parques tem\u00e1ticos, se ha unido al equipo como Vicepresidente de Dise\u00f1o.\",\"breadcrumb\":{\"@id\":\"https:\\\/\\\/falconscreativegroup.com\\\/es\\\/falcons-creative-group-nombra-a-matthew-m-martin-vicepresidente-de-diseno\\\/#breadcrumb\"},\"inLanguage\":\"es\",\"potentialAction\":[{\"@type\":\"ReadAction\",\"target\":[\"https:\\\/\\\/falconscreativegroup.com\\\/es\\\/falcons-creative-group-nombra-a-matthew-m-martin-vicepresidente-de-diseno\\\/\"]}]},{\"@type\":\"ImageObject\",\"inLanguage\":\"es\",\"@id\":\"https:\\\/\\\/falconscreativegroup.com\\\/es\\\/falcons-creative-group-nombra-a-matthew-m-martin-vicepresidente-de-diseno\\\/#primaryimage\",\"url\":\"https:\\\/\\\/falconscreativegroup.com\\\/wp-content\\\/uploads\\\/2024\\\/09\\\/News-Featured-1200x600-1.jpg\",\"contentUrl\":\"https:\\\/\\\/falconscreativegroup.com\\\/wp-content\\\/uploads\\\/2024\\\/09\\\/News-Featured-1200x600-1.jpg\",\"width\":1200,\"height\":600,\"caption\":\"Matthew Martin Destacado\"},{\"@type\":\"BreadcrumbList\",\"@id\":\"https:\\\/\\\/falconscreativegroup.com\\\/es\\\/falcons-creative-group-nombra-a-matthew-m-martin-vicepresidente-de-diseno\\\/#breadcrumb\",\"itemListElement\":[{\"@type\":\"ListItem\",\"position\":1,\"name\":\"Home\",\"item\":\"https:\\\/\\\/falconscreativegroup.com\\\/es\\\/inicio\\\/\"},{\"@type\":\"ListItem\",\"position\":2,\"name\":\"Falcon\u2019s Creative Group nombra a Matthew M. Martin Vicepresidente de Dise\u00f1o\"}]},{\"@type\":\"WebSite\",\"@id\":\"https:\\\/\\\/falconscreativegroup.com\\\/es\\\/#website\",\"url\":\"https:\\\/\\\/falconscreativegroup.com\\\/es\\\/\",\"name\":\"Falcon's Creative Group\",\"description\":\"\",\"publisher\":{\"@id\":\"https:\\\/\\\/falconscreativegroup.com\\\/es\\\/#organization\"},\"potentialAction\":[{\"@type\":\"SearchAction\",\"target\":{\"@type\":\"EntryPoint\",\"urlTemplate\":\"https:\\\/\\\/falconscreativegroup.com\\\/es\\\/?s={search_term_string}\"},\"query-input\":{\"@type\":\"PropertyValueSpecification\",\"valueRequired\":true,\"valueName\":\"search_term_string\"}}],\"inLanguage\":\"es\"},{\"@type\":\"Organization\",\"@id\":\"https:\\\/\\\/falconscreativegroup.com\\\/es\\\/#organization\",\"name\":\"Falcon's Creative Group\",\"url\":\"https:\\\/\\\/falconscreativegroup.com\\\/es\\\/\",\"logo\":{\"@type\":\"ImageObject\",\"inLanguage\":\"es\",\"@id\":\"https:\\\/\\\/falconscreativegroup.com\\\/es\\\/#\\\/schema\\\/logo\\\/image\\\/\",\"url\":\"https:\\\/\\\/falconscreativegroup.com\\\/wp-content\\\/uploads\\\/2026\\\/01\\\/fcg_animLogo_option03_v003.gif\",\"contentUrl\":\"https:\\\/\\\/falconscreativegroup.com\\\/wp-content\\\/uploads\\\/2026\\\/01\\\/fcg_animLogo_option03_v003.gif\",\"width\":1080,\"height\":1080,\"caption\":\"Falcon's Creative Group\"},\"image\":{\"@id\":\"https:\\\/\\\/falconscreativegroup.com\\\/es\\\/#\\\/schema\\\/logo\\\/image\\\/\"},\"sameAs\":[\"https:\\\/\\\/www.facebook.com\\\/falconscreativegroup\\\/\",\"https:\\\/\\\/x.com\\\/falconscg\",\"https:\\\/\\\/www.instagram.com\\\/falconscg\\\/\",\"https:\\\/\\\/www.linkedin.com\\\/company\\\/falcon's-treehouse-llc\",\"https:\\\/\\\/www.youtube.com\\\/channel\\\/UCvXL3cwgzcjREbjtqRv-aFA\",\"https:\\\/\\\/en.wikipedia.org\\\/wiki\\\/Falcon's_Treehouse\"]},{\"@type\":\"Person\",\"@id\":\"https:\\\/\\\/falconscreativegroup.com\\\/es\\\/#\\\/schema\\\/person\\\/e8a949036e4265e66ad3836c1069ff93\",\"name\":\"Alex Varela\",\"image\":{\"@type\":\"ImageObject\",\"inLanguage\":\"es\",\"@id\":\"https:\\\/\\\/secure.gravatar.com\\\/avatar\\\/73b1535cc2b14471c648a34714792ad9c28fdf12bdd75f92b23bd3e06f60cca4?s=96&d=mm&r=g\",\"url\":\"https:\\\/\\\/secure.gravatar.com\\\/avatar\\\/73b1535cc2b14471c648a34714792ad9c28fdf12bdd75f92b23bd3e06f60cca4?s=96&d=mm&r=g\",\"contentUrl\":\"https:\\\/\\\/secure.gravatar.com\\\/avatar\\\/73b1535cc2b14471c648a34714792ad9c28fdf12bdd75f92b23bd3e06f60cca4?s=96&d=mm&r=g\",\"caption\":\"Alex Varela\"},\"url\":\"https:\\\/\\\/falconscreativegroup.com\\\/es\\\/author\\\/avarela\\\/\"}]}<\/script>\n<!-- \/ Yoast SEO plugin. -->","yoast_head_json":{"title":"Falcon\u2019s Creative Group nombra a Matthew M. Martin Vicepresidente de Dise\u00f1o - Falcon&#039;s Creative Group","description":"Falcon\u2019s se enorgullece de anunciar que Matthew M. Martin, un experimentado ejecutivo creativo de la industria de parques tem\u00e1ticos, se ha unido al equipo como Vicepresidente de Dise\u00f1o.","robots":{"index":"index","follow":"follow","max-snippet":"max-snippet:-1","max-image-preview":"max-image-preview:large","max-video-preview":"max-video-preview:-1"},"canonical":"https:\/\/falconscreativegroup.com\/es\/falcons-creative-group-nombra-a-matthew-m-martin-vicepresidente-de-diseno\/","og_locale":"es_ES","og_type":"article","og_title":"Falcon\u2019s Creative Group nombra a Matthew M. Martin Vicepresidente de Dise\u00f1o - Falcon&#039;s Creative Group","og_description":"Falcon\u2019s se enorgullece de anunciar que Matthew M. Martin, un experimentado ejecutivo creativo de la industria de parques tem\u00e1ticos, se ha unido al equipo como Vicepresidente de Dise\u00f1o.","og_url":"https:\/\/falconscreativegroup.com\/es\/falcons-creative-group-nombra-a-matthew-m-martin-vicepresidente-de-diseno\/","og_site_name":"Falcon&#039;s Creative Group","article_publisher":"https:\/\/www.facebook.com\/falconscreativegroup\/","article_published_time":"2024-09-04T09:49:13+00:00","article_modified_time":"2026-03-26T19:08:08+00:00","og_image":[{"url":"https:\/\/falconscreativegroup.com\/wp-content\/uploads\/2024\/09\/News-Featured-1200x600-1-1024x512.jpg","type":"","width":"","height":""}],"author":"Alex Varela","twitter_card":"summary_large_image","twitter_creator":"@falconscg","twitter_site":"@falconscg","twitter_misc":{"Escrito por":"Alex Varela","Tiempo de lectura":"4 minutos"},"schema":{"@context":"https:\/\/schema.org","@graph":[{"@type":"Article","@id":"https:\/\/falconscreativegroup.com\/es\/falcons-creative-group-nombra-a-matthew-m-martin-vicepresidente-de-diseno\/#article","isPartOf":{"@id":"https:\/\/falconscreativegroup.com\/es\/falcons-creative-group-nombra-a-matthew-m-martin-vicepresidente-de-diseno\/"},"author":{"name":"Alex Varela","@id":"https:\/\/falconscreativegroup.com\/es\/#\/schema\/person\/e8a949036e4265e66ad3836c1069ff93"},"headline":"Falcon\u2019s Creative Group nombra a Matthew M. Martin Vicepresidente de Dise\u00f1o","datePublished":"2024-09-04T09:49:13+00:00","dateModified":"2026-03-26T19:08:08+00:00","mainEntityOfPage":{"@id":"https:\/\/falconscreativegroup.com\/es\/falcons-creative-group-nombra-a-matthew-m-martin-vicepresidente-de-diseno\/"},"wordCount":906,"publisher":{"@id":"https:\/\/falconscreativegroup.com\/es\/#organization"},"image":{"@id":"https:\/\/falconscreativegroup.com\/es\/falcons-creative-group-nombra-a-matthew-m-martin-vicepresidente-de-diseno\/#primaryimage"},"thumbnailUrl":"https:\/\/falconscreativegroup.com\/wp-content\/uploads\/2024\/09\/News-Featured-1200x600-1.jpg","articleSection":["Noticias"],"inLanguage":"es"},{"@type":"WebPage","@id":"https:\/\/falconscreativegroup.com\/es\/falcons-creative-group-nombra-a-matthew-m-martin-vicepresidente-de-diseno\/","url":"https:\/\/falconscreativegroup.com\/es\/falcons-creative-group-nombra-a-matthew-m-martin-vicepresidente-de-diseno\/","name":"Falcon\u2019s Creative Group nombra a Matthew M. Martin Vicepresidente de Dise\u00f1o - Falcon&#039;s Creative Group","isPartOf":{"@id":"https:\/\/falconscreativegroup.com\/es\/#website"},"primaryImageOfPage":{"@id":"https:\/\/falconscreativegroup.com\/es\/falcons-creative-group-nombra-a-matthew-m-martin-vicepresidente-de-diseno\/#primaryimage"},"image":{"@id":"https:\/\/falconscreativegroup.com\/es\/falcons-creative-group-nombra-a-matthew-m-martin-vicepresidente-de-diseno\/#primaryimage"},"thumbnailUrl":"https:\/\/falconscreativegroup.com\/wp-content\/uploads\/2024\/09\/News-Featured-1200x600-1.jpg","datePublished":"2024-09-04T09:49:13+00:00","dateModified":"2026-03-26T19:08:08+00:00","description":"Falcon\u2019s se enorgullece de anunciar que Matthew M. Martin, un experimentado ejecutivo creativo de la industria de parques tem\u00e1ticos, se ha unido al equipo como Vicepresidente de Dise\u00f1o.","breadcrumb":{"@id":"https:\/\/falconscreativegroup.com\/es\/falcons-creative-group-nombra-a-matthew-m-martin-vicepresidente-de-diseno\/#breadcrumb"},"inLanguage":"es","potentialAction":[{"@type":"ReadAction","target":["https:\/\/falconscreativegroup.com\/es\/falcons-creative-group-nombra-a-matthew-m-martin-vicepresidente-de-diseno\/"]}]},{"@type":"ImageObject","inLanguage":"es","@id":"https:\/\/falconscreativegroup.com\/es\/falcons-creative-group-nombra-a-matthew-m-martin-vicepresidente-de-diseno\/#primaryimage","url":"https:\/\/falconscreativegroup.com\/wp-content\/uploads\/2024\/09\/News-Featured-1200x600-1.jpg","contentUrl":"https:\/\/falconscreativegroup.com\/wp-content\/uploads\/2024\/09\/News-Featured-1200x600-1.jpg","width":1200,"height":600,"caption":"Matthew Martin Destacado"},{"@type":"BreadcrumbList","@id":"https:\/\/falconscreativegroup.com\/es\/falcons-creative-group-nombra-a-matthew-m-martin-vicepresidente-de-diseno\/#breadcrumb","itemListElement":[{"@type":"ListItem","position":1,"name":"Home","item":"https:\/\/falconscreativegroup.com\/es\/inicio\/"},{"@type":"ListItem","position":2,"name":"Falcon\u2019s Creative Group nombra a Matthew M. Martin Vicepresidente de Dise\u00f1o"}]},{"@type":"WebSite","@id":"https:\/\/falconscreativegroup.com\/es\/#website","url":"https:\/\/falconscreativegroup.com\/es\/","name":"Falcon's Creative Group","description":"","publisher":{"@id":"https:\/\/falconscreativegroup.com\/es\/#organization"},"potentialAction":[{"@type":"SearchAction","target":{"@type":"EntryPoint","urlTemplate":"https:\/\/falconscreativegroup.com\/es\/?s={search_term_string}"},"query-input":{"@type":"PropertyValueSpecification","valueRequired":true,"valueName":"search_term_string"}}],"inLanguage":"es"},{"@type":"Organization","@id":"https:\/\/falconscreativegroup.com\/es\/#organization","name":"Falcon's Creative Group","url":"https:\/\/falconscreativegroup.com\/es\/","logo":{"@type":"ImageObject","inLanguage":"es","@id":"https:\/\/falconscreativegroup.com\/es\/#\/schema\/logo\/image\/","url":"https:\/\/falconscreativegroup.com\/wp-content\/uploads\/2026\/01\/fcg_animLogo_option03_v003.gif","contentUrl":"https:\/\/falconscreativegroup.com\/wp-content\/uploads\/2026\/01\/fcg_animLogo_option03_v003.gif","width":1080,"height":1080,"caption":"Falcon's Creative Group"},"image":{"@id":"https:\/\/falconscreativegroup.com\/es\/#\/schema\/logo\/image\/"},"sameAs":["https:\/\/www.facebook.com\/falconscreativegroup\/","https:\/\/x.com\/falconscg","https:\/\/www.instagram.com\/falconscg\/","https:\/\/www.linkedin.com\/company\/falcon's-treehouse-llc","https:\/\/www.youtube.com\/channel\/UCvXL3cwgzcjREbjtqRv-aFA","https:\/\/en.wikipedia.org\/wiki\/Falcon's_Treehouse"]},{"@type":"Person","@id":"https:\/\/falconscreativegroup.com\/es\/#\/schema\/person\/e8a949036e4265e66ad3836c1069ff93","name":"Alex Varela","image":{"@type":"ImageObject","inLanguage":"es","@id":"https:\/\/secure.gravatar.com\/avatar\/73b1535cc2b14471c648a34714792ad9c28fdf12bdd75f92b23bd3e06f60cca4?s=96&d=mm&r=g","url":"https:\/\/secure.gravatar.com\/avatar\/73b1535cc2b14471c648a34714792ad9c28fdf12bdd75f92b23bd3e06f60cca4?s=96&d=mm&r=g","contentUrl":"https:\/\/secure.gravatar.com\/avatar\/73b1535cc2b14471c648a34714792ad9c28fdf12bdd75f92b23bd3e06f60cca4?s=96&d=mm&r=g","caption":"Alex Varela"},"url":"https:\/\/falconscreativegroup.com\/es\/author\/avarela\/"}]}},"_links":{"self":[{"href":"https:\/\/falconscreativegroup.com\/es\/wp-json\/wp\/v2\/posts\/53517","targetHints":{"allow":["GET"]}}],"collection":[{"href":"https:\/\/falconscreativegroup.com\/es\/wp-json\/wp\/v2\/posts"}],"about":[{"href":"https:\/\/falconscreativegroup.com\/es\/wp-json\/wp\/v2\/types\/post"}],"author":[{"embeddable":true,"href":"https:\/\/falconscreativegroup.com\/es\/wp-json\/wp\/v2\/users\/2"}],"replies":[{"embeddable":true,"href":"https:\/\/falconscreativegroup.com\/es\/wp-json\/wp\/v2\/comments?post=53517"}],"version-history":[{"count":1,"href":"https:\/\/falconscreativegroup.com\/es\/wp-json\/wp\/v2\/posts\/53517\/revisions"}],"predecessor-version":[{"id":53529,"href":"https:\/\/falconscreativegroup.com\/es\/wp-json\/wp\/v2\/posts\/53517\/revisions\/53529"}],"wp:featuredmedia":[{"embeddable":true,"href":"https:\/\/falconscreativegroup.com\/es\/wp-json\/wp\/v2\/media\/53518"}],"wp:attachment":[{"href":"https:\/\/falconscreativegroup.com\/es\/wp-json\/wp\/v2\/media?parent=53517"}],"wp:term":[{"taxonomy":"category","embeddable":true,"href":"https:\/\/falconscreativegroup.com\/es\/wp-json\/wp\/v2\/categories?post=53517"},{"taxonomy":"post_tag","embeddable":true,"href":"https:\/\/falconscreativegroup.com\/es\/wp-json\/wp\/v2\/tags?post=53517"}],"curies":[{"name":"wp","href":"https:\/\/api.w.org\/{rel}","templated":true}]}}